[{"@context":"https:\/\/schema.org\/","@type":"Article","@id":"https:\/\/www.hass.cz\/kolagen-na-krasu\/#Article","mainEntityOfPage":"https:\/\/www.hass.cz\/kolagen-na-krasu\/","headline":"Kolagen na kr\u00e1su","name":"Kolagen na kr\u00e1su","description":"Existuje opravdu mnoho typ\u016f a druh\u016f p\u0159\u00edrodn\u00edch prepar\u00e1t\u016f a dal\u0161\u00edch potravinov\u00fdch dopl\u0148k\u016f. Takov\u00fdch p\u0159\u00edrodn\u00edch potravinov\u00fdch dopl\u0148k\u016f, kter\u00e9 my m\u016f\u017eeme u\u017e\u00edvat a nemus\u00edme to u\u017e\u00edvat jenom my \u017eeny, ale tak\u00e9 p\u00e1nov\u00e9. Dokonce jsou i r\u016fzn\u00e9 vitam\u00edny a dal\u0161\u00ed potravinov\u00e9 dopl\u0148ky, kter\u00e9 mohou u\u017e\u00edvat i d\u011bti. M\u016fj syn tak\u00e9 u\u017e\u00edv\u00e1 r\u016fzn\u00e9 vitam\u00edny, proto\u017ee chci, aby syn byl...","datePublished":"2024-01-08","dateModified":"2024-02-09","author":{"@type":"Person","@id":"https:\/\/www.hass.cz\/author\/#Person","name":"","url":"https:\/\/www.hass.cz\/author\/","identifier":1,"image":{"@type":"ImageObject","@id":"https:\/\/secure.gravatar.com\/avatar\/91506ed60e31abe586276a3e1420719df081581a820344a28fa2034bb1a2fe22?s=96&d=mm&r=g","url":"https:\/\/secure.gravatar.com\/avatar\/91506ed60e31abe586276a3e1420719df081581a820344a28fa2034bb1a2fe22?s=96&d=mm&r=g","height":96,"width":96}},"publisher":{"@type":"Organization","name":"hass.cz","logo":{"@type":"ImageObject","@id":"\/logo.png","url":"\/logo.png","width":600,"height":60}},"image":{"@type":"ImageObject","@id":"https:\/\/www.hass.cz\/wp-content\/uploads\/portrait-1754894_1280_1.jpg","url":"https:\/\/www.hass.cz\/wp-content\/uploads\/portrait-1754894_1280_1.jpg","height":0,"width":0},"url":"https:\/\/www.hass.cz\/kolagen-na-krasu\/","about":["Nakupov\u00e1n\u00ed"],"wordCount":447,"articleBody":"   Existuje opravdu mnoho typ\u016f a druh\u016f p\u0159\u00edrodn\u00edch prepar\u00e1t\u016f a dal\u0161\u00edch potravinov\u00fdch dopl\u0148k\u016f. Takov\u00fdch p\u0159\u00edrodn\u00edch potravinov\u00fdch dopl\u0148k\u016f, kter\u00e9 my m\u016f\u017eeme u\u017e\u00edvat a nemus\u00edme to u\u017e\u00edvat jenom my \u017eeny, ale tak\u00e9 p\u00e1nov\u00e9. Dokonce jsou i r\u016fzn\u00e9 vitam\u00edny a dal\u0161\u00ed potravinov\u00e9 dopl\u0148ky, kter\u00e9 mohou u\u017e\u00edvat i d\u011bti. M\u016fj syn tak\u00e9 u\u017e\u00edv\u00e1 r\u016fzn\u00e9 vitam\u00edny, proto\u017ee chci, aby syn byl zdrav\u00fd. Syn m\u00e1 bohu\u017eel tak\u00e9 oslabenou imunitu a byli jsme tak\u00e9 kv\u016fli tomu v nemocnici, kde opravdu potvrdili, \u017ee se m\u00e1 sn\u00ed\u017eenou imunitu. Pokud ale t\u0159eba chcete m\u00edt zdrav\u00e9 klouby kosti a \u0161lachy a tak\u00e9 m\u00edt lep\u0161\u00ed a pevn\u011bj\u0161\u00ed ple\u0165, tak samoz\u0159ejm\u011b doporu\u010duji kolagen. P\u0159\u00edrodn\u00ed kolagenOrcacollagen bude podle m\u00e9ho n\u00e1zoru opravdu jedni\u010dkou na trhu, bude opravdu perfektn\u00ed. J\u00e1 sama p\u0159\u00edrodn\u00ed kolagen u\u017e\u00edv\u00e1m u\u017e p\u016fl roku a \u0159eknu v\u00e1m, \u017ee prvn\u00ed zm\u011bny jsem vid\u011bla opravdu po p\u011bti t\u00fddnech. Po p\u011bti t\u00fddnech u\u017e\u00edv\u00e1n\u00ed p\u0159\u00edrodn\u00edho kolagenu jsou opravdu vid\u011bla, \u017ee moje ple\u0165 je v\u00edce hydratovan\u00e1 a pevn\u011bj\u0161\u00ed, a dokonce jemn\u011bj\u0161\u00ed na dotek a tak\u00e9 vypad\u00e1 l\u00e9pe na prvn\u00ed pohled. Moje ple\u0165 ztratila kone\u010dn\u011b u\u017e ten na\u0161edl\u00fd t\u00f3n. Nev\u00edm, z \u010deho jsem to m\u011bla, ale opravdu moje ple\u0165 a celkov\u011b k\u016f\u017ee pot\u0159ebovala u\u017e n\u011bjakou vzpruhu, tak jsem si \u0159ekla, \u017ee mimo n\u00e1v\u0161t\u011bv kosmeti\u010dky, kam chod\u00edm opravdu pravideln\u011b ka\u017ed\u00fd m\u011bs\u00edc, tak tak\u00e9 do sv\u00e9 denn\u00ed zkr\u00e1\u0161lovac\u00ed rutiny za\u0159ad\u00edm, abych u\u017e\u00edvala p\u0159\u00edrodn\u00ed kolagen.Opravdu se nemus\u00edte b\u00e1t, proto\u017ee p\u0159\u00edrodn\u00ed kolagen se v\u00e1m vyplat\u00ed a v\u016fbec v\u00e1m neubl\u00ed\u017e\u00ed, v na\u0161em t\u011ble norm\u00e1ln\u011b kolagen se vyskytuje a t\u011blo vyr\u00e1b\u00ed kolagen \u00fapln\u011b norm\u00e1ln\u011b, jenom\u017ee ka\u017ed\u00fdm rokem st\u00e1rneme. A to znamen\u00e1, \u017ee \u010d\u00edm v\u00edce n\u00e1m je let, tak t\u00edm m\u00e9n\u011b se obnovuje kolagen a potom co se m\u016f\u017ee st\u00e1t, \u017ee na\u0161e \u0161lachy a klouby budou bolav\u00e9 a na\u0161e ple\u0165 bude takov\u00e1 povadlej\u0161\u00ed. Samoz\u0159ejm\u011b, \u017ee pokud m\u00e1te m\u011bkk\u00e9 nehty a cht\u011bli byste nehty zpevnit, tak podle m\u00e9ho n\u00e1zoru p\u0159\u00edrodn\u00ed kolagen, tak\u00e9 bude pro v\u00e1s opravdu vhodn\u00fd a ide\u00e1ln\u00ed. Pokud jste t\u011bhotn\u00e1, tak se samoz\u0159ejm\u011b pora\u010fte se sv\u00fdm l\u00e9ka\u0159em. Nebo v l\u00e9k\u00e1rn\u011b. Jestli vy m\u016f\u017eete pou\u017e\u00edvat p\u0159\u00edrodn\u00ed kolagen.                                                                                                                                                                                                                                                                                                                                                                                                   "},{"@context":"https:\/\/schema.org\/","@type":"BreadcrumbList","itemListElement":[{"@type":"ListItem","position":1,"name":"Kolagen na kr\u00e1su","item":"https:\/\/www.hass.cz\/kolagen-na-krasu\/#breadcrumbitem"}]}]