[{"@context":"https:\/\/schema.org\/","@type":"Article","@id":"https:\/\/www.hass.cz\/vzpominky-na-prazskou-autoskolu\/#Article","mainEntityOfPage":"https:\/\/www.hass.cz\/vzpominky-na-prazskou-autoskolu\/","headline":"Vzpom\u00ednky na pra\u017eskou auto\u0161kolu","name":"Vzpom\u00ednky na pra\u017eskou auto\u0161kolu","description":"Tak\u00e9 jste absolvovali auto\u0161kolu v Praze a m\u00e1te na to obdob\u00ed v\u00edcem\u00e9n\u011b p\u0159\u00edjemn\u00e9 vzpom\u00ednky? A m\u016f\u017eete ji doporu\u010dit va\u0161im bl\u00edzk\u00fdm, kte\u0159\u00ed usiluj\u00ed o z\u00edsk\u00e1n\u00ed \u0159idi\u010dsk\u00e9ho opr\u00e1vn\u011bn\u00ed? Co je vlastn\u011b na pra\u017esk\u00fdch auto\u0161kol\u00e1ch pozitivn\u00edho? Nau\u010d\u00edte se tu v\u00edc, ne\u017e jinde \u2013 Praha nab\u00edz\u00ed pro praktickou v\u00fduku j\u00edzd to \u201enejlep\u0161\u00ed\u201c z cel\u00e9 republiky. Pro za\u010d\u00ednaj\u00edc\u00edho \u0159idi\u010de se...","datePublished":"2024-10-25","dateModified":"2024-10-25","author":{"@type":"Person","@id":"https:\/\/www.hass.cz\/author\/#Person","name":"","url":"https:\/\/www.hass.cz\/author\/","identifier":1,"image":{"@type":"ImageObject","@id":"https:\/\/secure.gravatar.com\/avatar\/91506ed60e31abe586276a3e1420719df081581a820344a28fa2034bb1a2fe22?s=96&d=mm&r=g","url":"https:\/\/secure.gravatar.com\/avatar\/91506ed60e31abe586276a3e1420719df081581a820344a28fa2034bb1a2fe22?s=96&d=mm&r=g","height":96,"width":96}},"publisher":{"@type":"Organization","name":"hass.cz","logo":{"@type":"ImageObject","@id":"\/logo.png","url":"\/logo.png","width":600,"height":60}},"image":{"@type":"ImageObject","@id":"https:\/\/www.hass.cz\/wp-content\/uploads\/prague-1119791_640_4.jpg","url":"https:\/\/www.hass.cz\/wp-content\/uploads\/prague-1119791_640_4.jpg","height":0,"width":0},"url":"https:\/\/www.hass.cz\/vzpominky-na-prazskou-autoskolu\/","about":["Spole\u010dnosti"],"wordCount":434,"articleBody":"       Tak\u00e9 jste absolvovali auto\u0161kolu v Praze a m\u00e1te na to obdob\u00ed v\u00edcem\u00e9n\u011b p\u0159\u00edjemn\u00e9 vzpom\u00ednky? A m\u016f\u017eete ji doporu\u010dit va\u0161im bl\u00edzk\u00fdm, kte\u0159\u00ed usiluj\u00ed o z\u00edsk\u00e1n\u00ed \u0159idi\u010dsk\u00e9ho opr\u00e1vn\u011bn\u00ed? Co je vlastn\u011b na pra\u017esk\u00fdch auto\u0161kol\u00e1ch pozitivn\u00edho?Nau\u010d\u00edte se tu v\u00edc, ne\u017e jinde \u2013 Praha nab\u00edz\u00ed pro praktickou v\u00fduku j\u00edzd to \u201enejlep\u0161\u00ed\u201c z cel\u00e9 republiky. Pro za\u010d\u00ednaj\u00edc\u00edho \u0159idi\u010de se to m\u016f\u017ee zd\u00e1t pon\u011bkud n\u00e1ro\u010dn\u011bj\u0161\u00ed, ale v\u011bzte, \u017ee v\u0161echny dovednosti platn\u011b z\u00faro\u010d\u00edte v dal\u0161\u00edm \u017eivot\u011b. \u017d\u00e1dn\u00e9 jin\u00e9 m\u011bsto v republice v\u00e1m nenab\u00eddne tolik dopravn\u00edch situac\u00ed, je tu velk\u00fd po\u010det r\u016fzn\u011b tvarovan\u00fdch k\u0159i\u017eovatek protkan\u00fdch tramvajov\u00fdmi p\u00e1sy, mus\u00edte se um\u011bt dob\u0159e orientovat p\u0159i n\u00e1jezdech do j\u00edzdn\u00edch pruh\u016f, je tu pom\u011brn\u011b hust\u00fd provoz, co\u017e v\u00e1s nut\u00ed b\u00fdt ostra\u017eit\u00fdmi a dodr\u017eovat od vozidel p\u0159ed sebou dostate\u010dn\u00fd odstup. M\u016f\u017eete si tu vyzkou\u0161et couv\u00e1n\u00ed, parkov\u00e1n\u00ed, ot\u00e1\u010den\u00ed, rozjezdy do prud\u0161\u00edho kopce, tedy v podstat\u011b je tu v\u0161e, co v\u00e1s potk\u00e1 i v jin\u00fdch \u010d\u00e1stech na\u0161\u00ed zem\u011b. J\u00edzda za zhor\u0161en\u00fdch podm\u00ednek \u2013 kdo se chce st\u00e1t opravdu dobr\u00fdm \u0159idi\u010dem, m\u011bl by si vyzkou\u0161et i j\u00edzdu za tmy a za hor\u0161\u00edch pov\u011btrnostn\u00edch podm\u00ednek. Mnohem snaz\u0161\u00ed je \u0159\u00eddit v\u016fz se Sluncem nad hlavou a na such\u00fdch silnic\u00edch, ne\u017e za de\u0161t\u011b \u010di sn\u011b\u017een\u00ed, n\u00e1mrazy a sn\u00ed\u017een\u00e9 viditelnosti. Obt\u00ed\u017en\u011bj\u0161\u00ed je to i za tmy, kdy je orientace v ter\u00e9nu n\u00e1ro\u010dn\u011bj\u0161\u00ed, ne\u017e za denn\u00edho sv\u011btla.Projedete se nejkr\u00e1sn\u011bj\u0161\u00edm m\u011bstem sv\u011bta \u2013 kdybychom vypsali anketu o nejkr\u00e1sn\u011bj\u0161\u00ed m\u011bsto sv\u011bta, Praha by se jist\u011b um\u00edstila na p\u0159edn\u00edch pozic\u00edch. Naleznete tu stovky historick\u00fdch pam\u00e1tek, roz\u010dlen\u011bn\u00fdch v kopcovit\u00e9m ter\u00e9nu, kter\u00fd je protk\u00e1n jedine\u010dn\u00fdmi p\u0159\u00edrodn\u00edmi parky, kde si p\u0159ipad\u00e1te jako n\u011bkde v divo\u010din\u011b. P\u0159ipome\u0148me kup\u0159\u00edkladu Hostiva\u0159skou p\u0159ehradu, Letensk\u00e9 sady, Troju, Prokopsk\u00e9 \u00fadol\u00ed, Divokou \u0160\u00e1rku nebo P\u0159\u00edrodn\u00ed park Ko\u0161\u00ed\u0159e \u2013 Motol. V pr\u016fb\u011bhu kurzu v auto\u0161kole m\u00e1te velkou \u0161anci shl\u00e9dnout kr\u00e1sy Prahy z mnoha zorn\u00fdch \u00fahl\u016f, tak se vyplat\u00ed toho vyu\u017e\u00edt.                                                                                                                                                                                                                                                                                                                                                                                                  "},{"@context":"https:\/\/schema.org\/","@type":"BreadcrumbList","itemListElement":[{"@type":"ListItem","position":1,"name":"Vzpom\u00ednky na pra\u017eskou auto\u0161kolu","item":"https:\/\/www.hass.cz\/vzpominky-na-prazskou-autoskolu\/#breadcrumbitem"}]}]